{"id":3807,"date":"2020-12-15T01:53:34","date_gmt":"2020-12-15T01:53:34","guid":{"rendered":"https:\/\/feiradoautomoveldovale.com.br\/?p=3807"},"modified":"2020-12-15T22:39:10","modified_gmt":"2020-12-15T22:39:10","slug":"precisa-financiar","status":"publish","type":"post","link":"https:\/\/feiradoautomoveldovale.com.br\/?p=3807","title":{"rendered":"Precisa Financiar ?"},"content":{"rendered":"\n<p><strong>A Carsold Cash ajuda voce <\/strong><\/p>\n\n\n\n<p>Na Feira do Autom\u00f3vel voce tem todo conforto e seguran\u00e7a para Financiar a sua compra ou venda. <\/p>\n\n\n\n<p><strong>Conhe\u00e7a nossa unidade m\u00f3vel de financiamentos no Local. <\/strong><\/p>\n","protected":false},"excerpt":{"rendered":"<p>A Carsold Cash ajuda voce Na Feira do Autom\u00f3vel voce tem todo conforto e seguran\u00e7a para Financiar a sua compra ou venda. Conhe\u00e7a nossa unidade m\u00f3vel de financiamentos no Local.<\/p>\n","protected":false},"author":1,"featured_media":3970,"comment_status":"closed","ping_status":"closed","sticky":false,"template":"","format":"standard","meta":{"om_disable_all_campaigns":false,"_mi_skip_tracking":false,"footnotes":""},"categories":[1],"tags":[],"aioseo_notices":[],"_links":{"self":[{"href":"https:\/\/feiradoautomoveldovale.com.br\/index.php?rest_route=\/wp\/v2\/posts\/3807"}],"collection":[{"href":"https:\/\/feiradoautomoveldovale.com.br\/index.php?rest_route=\/wp\/v2\/posts"}],"about":[{"href":"https:\/\/feiradoautomoveldovale.com.br\/index.php?rest_route=\/wp\/v2\/types\/post"}],"author":[{"embeddable":true,"href":"https:\/\/feiradoautomoveldovale.com.br\/index.php?rest_route=\/wp\/v2\/users\/1"}],"replies":[{"embeddable":true,"href":"https:\/\/feiradoautomoveldovale.com.br\/index.php?rest_route=%2Fwp%2Fv2%2Fcomments&post=3807"}],"version-history":[{"count":0,"href":"https:\/\/feiradoautomoveldovale.com.br\/index.php?rest_route=\/wp\/v2\/posts\/3807\/revisions"}],"wp:featuredmedia":[{"embeddable":true,"href":"https:\/\/feiradoautomoveldovale.com.br\/index.php?rest_route=\/wp\/v2\/media\/3970"}],"wp:attachment":[{"href":"https:\/\/feiradoautomoveldovale.com.br\/index.php?rest_route=%2Fwp%2Fv2%2Fmedia&parent=3807"}],"wp:term":[{"taxonomy":"category","embeddable":true,"href":"https:\/\/feiradoautomoveldovale.com.br\/index.php?rest_route=%2Fwp%2Fv2%2Fcategories&post=3807"},{"taxonomy":"post_tag","embeddable":true,"href":"https:\/\/feiradoautomoveldovale.com.br\/index.php?rest_route=%2Fwp%2Fv2%2Ftags&post=3807"}],"curies":[{"name":"wp","href":"https:\/\/api.w.org\/{rel}","templated":true}]}}