{"id":4951,"date":"2021-01-13T23:48:57","date_gmt":"2021-01-14T02:48:57","guid":{"rendered":"https:\/\/feiradoautomoveldovale.com.br\/?p=4951"},"modified":"2021-10-04T22:03:00","modified_gmt":"2021-10-05T01:03:00","slug":"21-de-marco-dia-mundial-da-floresta-e-da-arvore","status":"publish","type":"post","link":"https:\/\/feiradoautomoveldovale.com.br\/?p=4951","title":{"rendered":"21 de Mar\u00e7o &#8211; Dia Mundial Da Floresta e da \u00c1rvore"},"content":{"rendered":"\t\t<div data-elementor-type=\"wp-post\" data-elementor-id=\"4951\" class=\"elementor elementor-4951\" data-elementor-post-type=\"post\">\n\t\t\t\t\t\t<div class=\"elementor-inner\">\n\t\t\t\t<div class=\"elementor-section-wrap\">\n\t\t\t\t\t\t\t\t\t<section class=\"has_eae_slider elementor-section elementor-top-section elementor-element elementor-element-17af2d2 elementor-section-boxed elementor-section-height-default elementor-section-height-default wpr-particle-no wpr-jarallax-no wpr-parallax-no wpr-sticky-section-no\" data-id=\"17af2d2\" data-element_type=\"section\" data-settings=\"{&quot;_ha_eqh_enable&quot;:false}\">\n\t\t\t\t\t\t<div class=\"elementor-container elementor-column-gap-default\">\n\t\t\t\t\t\t\t<div class=\"elementor-row\">\n\t\t\t\t\t<div class=\"has_eae_slider elementor-column elementor-col-100 elementor-top-column elementor-element elementor-element-3f93491\" data-id=\"3f93491\" data-element_type=\"column\">\n\t\t\t<div class=\"elementor-column-wrap elementor-element-populated\">\n\t\t\t\t\t\t\t<div class=\"elementor-widget-wrap\">\n\t\t\t\t\t\t<div class=\"elementor-element elementor-element-45b55f6 elementor-widget elementor-widget-image\" data-id=\"45b55f6\" data-element_type=\"widget\" data-widget_type=\"image.default\">\n\t\t\t\t<div class=\"elementor-widget-container\">\n\t\t\t<style>\/*! elementor - v3.14.0 - 18-06-2023 *\/\n.elementor-widget-image{text-align:center}.elementor-widget-image a{display:inline-block}.elementor-widget-image a img[src$=\".svg\"]{width:48px}.elementor-widget-image img{vertical-align:middle;display:inline-block}<\/style>\t\t\t\t\t<div class=\"elementor-image\">\n\t\t\t\t\t\t\t\t\t\t\t\t<img loading=\"lazy\" decoding=\"async\" width=\"300\" height=\"300\" src=\"https:\/\/feiradoautomoveldovale.com.br\/wp-content\/uploads\/2021\/01\/19florestasedaarvore-1-300x300.png\" class=\"attachment-medium size-medium wp-image-4945\" alt=\"\" srcset=\"https:\/\/feiradoautomoveldovale.com.br\/wp-content\/uploads\/2021\/01\/19florestasedaarvore-1-300x300.png 300w, https:\/\/feiradoautomoveldovale.com.br\/wp-content\/uploads\/2021\/01\/19florestasedaarvore-1-150x150.png 150w, https:\/\/feiradoautomoveldovale.com.br\/wp-content\/uploads\/2021\/01\/19florestasedaarvore-1-100x100.png 100w, https:\/\/feiradoautomoveldovale.com.br\/wp-content\/uploads\/2021\/01\/19florestasedaarvore-1.png 571w\" sizes=\"(max-width: 300px) 100vw, 300px\" \/>\t\t\t\t\t\t\t\t\t\t\t\t\t\t<\/div>\n\t\t\t\t\t\t<\/div>\n\t\t\t\t<\/div>\n\t\t\t\t\t\t<\/div>\n\t\t\t\t\t<\/div>\n\t\t<\/div>\n\t\t\t\t\t\t\t\t<\/div>\n\t\t\t\t\t<\/div>\n\t\t<\/section>\n\t\t\t\t<section class=\"has_eae_slider elementor-section elementor-top-section elementor-element elementor-element-49d7c244 elementor-section-boxed elementor-section-height-default elementor-section-height-default wpr-particle-no wpr-jarallax-no wpr-parallax-no wpr-sticky-section-no\" data-id=\"49d7c244\" data-element_type=\"section\" data-settings=\"{&quot;_ha_eqh_enable&quot;:false}\">\n\t\t\t\t\t\t<div class=\"elementor-container elementor-column-gap-default\">\n\t\t\t\t\t\t\t<div class=\"elementor-row\">\n\t\t\t\t\t<div class=\"has_eae_slider elementor-column elementor-col-100 elementor-top-column elementor-element elementor-element-14cc41e0\" data-id=\"14cc41e0\" data-element_type=\"column\">\n\t\t\t<div class=\"elementor-column-wrap elementor-element-populated\">\n\t\t\t\t\t\t\t<div class=\"elementor-widget-wrap\">\n\t\t\t\t\t\t<div class=\"elementor-element elementor-element-3c0be1d0 elementor-widget elementor-widget-text-editor\" data-id=\"3c0be1d0\" data-element_type=\"widget\" data-widget_type=\"text-editor.default\">\n\t\t\t\t<div class=\"elementor-widget-container\">\n\t\t\t<style>\/*! elementor - v3.14.0 - 18-06-2023 *\/\n.elementor-widget-text-editor.elementor-drop-cap-view-stacked .elementor-drop-cap{background-color:#69727d;color:#fff}.elementor-widget-text-editor.elementor-drop-cap-view-framed .elementor-drop-cap{color:#69727d;border:3px solid;background-color:transparent}.elementor-widget-text-editor:not(.elementor-drop-cap-view-default) .elementor-drop-cap{margin-top:8px}.elementor-widget-text-editor:not(.elementor-drop-cap-view-default) .elementor-drop-cap-letter{width:1em;height:1em}.elementor-widget-text-editor .elementor-drop-cap{float:left;text-align:center;line-height:1;font-size:50px}.elementor-widget-text-editor .elementor-drop-cap-letter{display:inline-block}<\/style>\t\t\t\t\t<div class=\"elementor-text-editor elementor-clearfix\">\n\t\t\t\t<p><!-- wp:paragraph --><\/p>\n<p><strong>Aproveitando essa data a Feira do Autom\u00f3vel cria para sua Inaugura\u00e7\u00e3o para cada carro exposto na EcoVaga uma \u00e1rvore sera plantada em S\u00e3o Jos\u00e9 dos Campos<\/strong><\/p>\n<p><!-- \/wp:paragraph --><!-- wp:paragraph --><\/p>\n<p>A data serve para conscientizar as pessoas sobre a import\u00e2ncia que os biomas florestais possuem para o sustentamento da vida em todo o planeta.<\/p>\n<p><!-- \/wp:paragraph --><!-- wp:paragraph --><\/p>\n<p>V\u00e1rias organiza\u00e7\u00f5es n\u00e3o governamentais, escolas e empresas promovem atividades de arboriza\u00e7\u00e3o e v reflorestamento pelas cidades de todo o mundo, criando os chamados &#8220;espa\u00e7os verdes&#8221;.<\/p>\n<p><!-- \/wp:paragraph --><!-- wp:paragraph --><\/p>\n<p>As florestas s\u00e3o apelidadas de &#8220;pulm\u00e3o do mundo&#8221;, e n\u00e3o \u00e9 a toa. As \u00e1rvores ocupam cerca de 30% da superf\u00edcie da Terra, sendo respons\u00e1veis pela fotoss\u00edntese &#8211; processo de produ\u00e7\u00e3o de oxig\u00eanio a partir da absorvi\u00e7\u00e3o de di\u00f3xido de carbono (CO2). No Brasil, o dia da \u00e1rvore e florestas tem um significado ainda mais importante, j\u00e1 que o pa\u00eds acolhe a maior floresta do planeta: a floresta Amaz\u00f4nica.O Dia Mundial da \u00c1rvore ou da Floresta celebra-se anualmente em Portugal a 21 de Mar\u00e7o.<br \/>A comemora\u00e7\u00e3o do Dia Mundial da \u00c1rvore come\u00e7ou a 10 de Abril de 1872, em Nebraska City, Estados Unidos da Am\u00e9rica. O seu mentor foi o jornalista Julius Sterling Morton, Secret\u00e1rio da Agricultura do presidente Grover Cleveland,\u00a0que incentivou a planta\u00e7\u00e3o de \u00e1rvores no Nebraska, promovendo o &#8220;Arbor Day&#8221;.<\/p>\n<p><!-- \/wp:paragraph --><!-- wp:paragraph --><\/p>\n<p>Muitos pa\u00edses adoptaram esta iniciativa, tendo a primeira &#8220;Festa da \u00c1rvore&#8221; sido comemorada em Portugal, em 1907, estendendo-se estas comemora\u00e7\u00f5es, sobretudo durante o per\u00edodo inicial da 1.\u00aa Rep\u00fablica, at\u00e9 1917.<\/p>\n<p><!-- \/wp:paragraph --><!-- wp:paragraph --><\/p>\n<p>Em Dezembro de 1970, no \u00e2mbito das comemora\u00e7\u00f5es do Ano Europeu da Conserva\u00e7\u00e3o da Natureza, foi retomada a celebra\u00e7\u00e3o oficial do \u201cDia da \u00c1rvore\u201d, por proposta da ent\u00e3o Direc\u00e7\u00e3o-Geral dos Servi\u00e7os Florestais e Aqu\u00edcolas e da Liga para a Protec\u00e7\u00e3o da Natureza.<\/p>\n<p><!-- \/wp:paragraph --><!-- wp:paragraph --><\/p>\n<p>A Festa da \u00c1rvore transformou-se na Festa da Floresta quando, em 1971, a FAO estabeleceu o &#8220;Dia Mundial da Floresta&#8221; com o objectivo de sensibilizar as popula\u00e7\u00f5es para a import\u00e2ncia da floresta na manuten\u00e7\u00e3o da vida na Terra.<\/p>\n<p><!-- \/wp:paragraph --><!-- wp:paragraph --><\/p>\n<p>O primeiro \u201cDia Mundial da Floresta\u201d celebrou-se em Portugal em 1974, tendo sido escolhida a data de 21 de Mar\u00e7o, o primeiro dia de primavera, \u00e0 semelhan\u00e7a de muitos outros pa\u00edses do hemisf\u00e9rio norte.<\/p>\n<p><!-- \/wp:paragraph --><!-- wp:paragraph --><\/p>\n<p>Em 30 de Novembro de 2012, a Assembleia Geral das Na\u00e7\u00f5es Unidas aprovou uma resolu\u00e7\u00e3o que declara o dia 21 de Mar\u00e7o de cada ano como Dia Internacional das Florestas, encarregando o Secretariado de, em colabora\u00e7\u00e3o com os governos e as demais organiza\u00e7\u00f5es internacionais e da ONU, organizar anualmente as comemora\u00e7\u00f5es deste Dia Internacional.<\/p>\n<p>Vamos Juntos fazer a nossa parte &#8211; Selo ECOMOTOR para todos\u00a0<\/p>\n<p><!-- \/wp:paragraph --><\/p>\t\t\t\t\t<\/div>\n\t\t\t\t\t\t<\/div>\n\t\t\t\t<\/div>\n\t\t\t\t\t\t<\/div>\n\t\t\t\t\t<\/div>\n\t\t<\/div>\n\t\t\t\t\t\t\t\t<\/div>\n\t\t\t\t\t<\/div>\n\t\t<\/section>\n\t\t\t\t\t\t\t\t\t<\/div>\n\t\t\t<\/div>\n\t\t\t\t\t<\/div>\n\t\t","protected":false},"excerpt":{"rendered":"<p>Aproveitando essa data a Feira do Autom\u00f3vel cria para sua Inaugura\u00e7\u00e3o para cada carro exposto na EcoVaga uma \u00e1rvore sera plantada em S\u00e3o Jos\u00e9 dos Campos A data serve para conscientizar as pessoas sobre a import\u00e2ncia que os biomas florestais possuem para o sustentamento da vida em todo o planeta. V\u00e1rias organiza\u00e7\u00f5es n\u00e3o governamentais, escolas [&hellip;]<\/p>\n","protected":false},"author":1,"featured_media":4945,"comment_status":"closed","ping_status":"closed","sticky":false,"template":"","format":"standard","meta":{"om_disable_all_campaigns":false,"_mi_skip_tracking":false,"footnotes":""},"categories":[16],"tags":[],"aioseo_notices":[],"_links":{"self":[{"href":"https:\/\/feiradoautomoveldovale.com.br\/index.php?rest_route=\/wp\/v2\/posts\/4951"}],"collection":[{"href":"https:\/\/feiradoautomoveldovale.com.br\/index.php?rest_route=\/wp\/v2\/posts"}],"about":[{"href":"https:\/\/feiradoautomoveldovale.com.br\/index.php?rest_route=\/wp\/v2\/types\/post"}],"author":[{"embeddable":true,"href":"https:\/\/feiradoautomoveldovale.com.br\/index.php?rest_route=\/wp\/v2\/users\/1"}],"replies":[{"embeddable":true,"href":"https:\/\/feiradoautomoveldovale.com.br\/index.php?rest_route=%2Fwp%2Fv2%2Fcomments&post=4951"}],"version-history":[{"count":0,"href":"https:\/\/feiradoautomoveldovale.com.br\/index.php?rest_route=\/wp\/v2\/posts\/4951\/revisions"}],"wp:featuredmedia":[{"embeddable":true,"href":"https:\/\/feiradoautomoveldovale.com.br\/index.php?rest_route=\/wp\/v2\/media\/4945"}],"wp:attachment":[{"href":"https:\/\/feiradoautomoveldovale.com.br\/index.php?rest_route=%2Fwp%2Fv2%2Fmedia&parent=4951"}],"wp:term":[{"taxonomy":"category","embeddable":true,"href":"https:\/\/feiradoautomoveldovale.com.br\/index.php?rest_route=%2Fwp%2Fv2%2Fcategories&post=4951"},{"taxonomy":"post_tag","embeddable":true,"href":"https:\/\/feiradoautomoveldovale.com.br\/index.php?rest_route=%2Fwp%2Fv2%2Ftags&post=4951"}],"curies":[{"name":"wp","href":"https:\/\/api.w.org\/{rel}","templated":true}]}}