{"id":5441,"date":"2021-10-17T17:52:09","date_gmt":"2021-10-17T20:52:09","guid":{"rendered":"https:\/\/feiradoautomoveldovale.com.br\/?p=5441"},"modified":"2022-01-11T13:10:13","modified_gmt":"2022-01-11T16:10:13","slug":"feira-do-automovel-chegou","status":"publish","type":"post","link":"https:\/\/feiradoautomoveldovale.com.br\/?p=5441","title":{"rendered":"Feira do Autom\u00f3vel Chegou !!!"},"content":{"rendered":"\n<p>Sucesso absoluto Todo Domingo com muitos neg\u00f3cios e visitantes<\/p>\n\n\n\n<p>A Feira do Autom\u00f3vel do Vale retorna com um super domingo de festa com estacionamento cheio de visitantes e expositores.<\/p>\n\n\n\n<p>Foram centenas de ofertas reunidas em um s\u00f3 lugar e todos em busca do melhor neg\u00f3cio.<\/p>\n\n\n\n<p>Foram distribu\u00eddos mais de mil \u00e1lcool em gel de brindes mais de mil Origami Tsurus, uma grande surpresa a todos que compareceram \u00e0 Feira nesse domingo, ao ganhar de presente um s\u00edmbolo cheio de tantos mist\u00e9rios e boas energias.<\/p>\n\n\n\n<p>Todos fizeram quest\u00e3o de levar o seu para casa, haviam Origamis Tsurus de todos os tamanhos e cores.<\/p>\n\n\n\n<p>Levado por todos para suas fam\u00edlias, como a primeira lembran\u00e7a da Feira do Autom\u00f3vel do Vale<\/p>\n\n\n\n<p>E para quem n\u00e3o pegou o seu Origami Tsuru, n\u00e3o precisa ficar triste. <\/p>\n\n\n\n<p>No segundo domingo, dia 24 de Outubro haver\u00e1 uma nova distribui\u00e7\u00e3o. Venha pegar o seu s\u00edmbolo de boas energias.<\/p>\n\n\n\n<p>Fica aqui, o nosso convite para domingo Dia 24 de outubro, a partir das 08:00hs, no Estacionamento do Shopping Jardim Oriente.<\/p>\n\n\n\n<p><\/p>\n\n\n\n<p><\/p>\n","protected":false},"excerpt":{"rendered":"<p>Sucesso absoluto Todo Domingo com muitos neg\u00f3cios e visitantes A Feira do Autom\u00f3vel do Vale retorna com um super domingo de festa com estacionamento cheio de visitantes e expositores. Foram centenas de ofertas reunidas em um s\u00f3 lugar e todos em busca do melhor neg\u00f3cio. Foram distribu\u00eddos mais de mil \u00e1lcool em gel de brindes [&hellip;]<\/p>\n","protected":false},"author":1,"featured_media":5442,"comment_status":"closed","ping_status":"closed","sticky":false,"template":"","format":"standard","meta":{"om_disable_all_campaigns":false,"_mi_skip_tracking":false,"footnotes":""},"categories":[16],"tags":[],"aioseo_notices":[],"_links":{"self":[{"href":"https:\/\/feiradoautomoveldovale.com.br\/index.php?rest_route=\/wp\/v2\/posts\/5441"}],"collection":[{"href":"https:\/\/feiradoautomoveldovale.com.br\/index.php?rest_route=\/wp\/v2\/posts"}],"about":[{"href":"https:\/\/feiradoautomoveldovale.com.br\/index.php?rest_route=\/wp\/v2\/types\/post"}],"author":[{"embeddable":true,"href":"https:\/\/feiradoautomoveldovale.com.br\/index.php?rest_route=\/wp\/v2\/users\/1"}],"replies":[{"embeddable":true,"href":"https:\/\/feiradoautomoveldovale.com.br\/index.php?rest_route=%2Fwp%2Fv2%2Fcomments&post=5441"}],"version-history":[{"count":0,"href":"https:\/\/feiradoautomoveldovale.com.br\/index.php?rest_route=\/wp\/v2\/posts\/5441\/revisions"}],"wp:featuredmedia":[{"embeddable":true,"href":"https:\/\/feiradoautomoveldovale.com.br\/index.php?rest_route=\/wp\/v2\/media\/5442"}],"wp:attachment":[{"href":"https:\/\/feiradoautomoveldovale.com.br\/index.php?rest_route=%2Fwp%2Fv2%2Fmedia&parent=5441"}],"wp:term":[{"taxonomy":"category","embeddable":true,"href":"https:\/\/feiradoautomoveldovale.com.br\/index.php?rest_route=%2Fwp%2Fv2%2Fcategories&post=5441"},{"taxonomy":"post_tag","embeddable":true,"href":"https:\/\/feiradoautomoveldovale.com.br\/index.php?rest_route=%2Fwp%2Fv2%2Ftags&post=5441"}],"curies":[{"name":"wp","href":"https:\/\/api.w.org\/{rel}","templated":true}]}}