{"id":5514,"date":"2021-10-20T22:11:43","date_gmt":"2021-10-21T01:11:43","guid":{"rendered":"https:\/\/feiradoautomoveldovale.com.br\/?p=5514"},"modified":"2021-10-20T22:11:45","modified_gmt":"2021-10-21T01:11:45","slug":"quero-ter-cartao-vitalicio-vip","status":"publish","type":"post","link":"https:\/\/feiradoautomoveldovale.com.br\/?p=5514","title":{"rendered":"Quero ter Cart\u00e3o Vital\u00edcio Vip"},"content":{"rendered":"\n<p>Voc\u00ea que \u00e9 frequentador da Feira do Autom\u00f3vel desde a d\u00e9cada de 90 mande seu contato<\/p>\n\n\n\n<p>Conte a sua hist\u00f3ria com a Feira &#8211; Candidate-se a Ganhar o Seu Cart\u00e3o Infinito sua entrada Vip Gratuita Vital\u00edcia da Feira do Autom\u00f3vel do Vale.<\/p>\n\n\n\n<p>Agora voc\u00ea que assistiu os videos do Programa do Autom\u00f3vel de 1998 e encontrou voc\u00ea presente naquele dia da filmagem voc\u00ea j\u00e1 Ganhou o seu Cart\u00e3o Vital\u00edcio.<\/p>\n\n\n\n<p>Entre em contato agora mesmo e receba seu cupom e Cart\u00e3o Vital\u00edcio<\/p>\n\n\n\n<p>Feira do Autom\u00f3vel do Vale<\/p>\n\n\n\n<p><a href=\"https:\/\/feiradoautomoveldovale.com.br\/contact\/\" data-type=\"URL\" data-id=\"https:\/\/feiradoautomoveldovale.com.br\/contact\/\" target=\"_blank\" rel=\"noreferrer noopener\">Entre em Contato <\/a><\/p>\n","protected":false},"excerpt":{"rendered":"<p>Voc\u00ea que \u00e9 frequentador da Feira do Autom\u00f3vel desde a d\u00e9cada de 90 mande seu contato Conte a sua hist\u00f3ria com a Feira &#8211; Candidate-se a Ganhar o Seu Cart\u00e3o Infinito sua entrada Vip Gratuita Vital\u00edcia da Feira do Autom\u00f3vel do Vale. Agora voc\u00ea que assistiu os videos do Programa do Autom\u00f3vel de 1998 e [&hellip;]<\/p>\n","protected":false},"author":1,"featured_media":5503,"comment_status":"closed","ping_status":"closed","sticky":false,"template":"","format":"standard","meta":{"om_disable_all_campaigns":false,"_mi_skip_tracking":false,"footnotes":""},"categories":[16],"tags":[109,107,108,101,106],"aioseo_notices":[],"_links":{"self":[{"href":"https:\/\/feiradoautomoveldovale.com.br\/index.php?rest_route=\/wp\/v2\/posts\/5514"}],"collection":[{"href":"https:\/\/feiradoautomoveldovale.com.br\/index.php?rest_route=\/wp\/v2\/posts"}],"about":[{"href":"https:\/\/feiradoautomoveldovale.com.br\/index.php?rest_route=\/wp\/v2\/types\/post"}],"author":[{"embeddable":true,"href":"https:\/\/feiradoautomoveldovale.com.br\/index.php?rest_route=\/wp\/v2\/users\/1"}],"replies":[{"embeddable":true,"href":"https:\/\/feiradoautomoveldovale.com.br\/index.php?rest_route=%2Fwp%2Fv2%2Fcomments&post=5514"}],"version-history":[{"count":0,"href":"https:\/\/feiradoautomoveldovale.com.br\/index.php?rest_route=\/wp\/v2\/posts\/5514\/revisions"}],"wp:featuredmedia":[{"embeddable":true,"href":"https:\/\/feiradoautomoveldovale.com.br\/index.php?rest_route=\/wp\/v2\/media\/5503"}],"wp:attachment":[{"href":"https:\/\/feiradoautomoveldovale.com.br\/index.php?rest_route=%2Fwp%2Fv2%2Fmedia&parent=5514"}],"wp:term":[{"taxonomy":"category","embeddable":true,"href":"https:\/\/feiradoautomoveldovale.com.br\/index.php?rest_route=%2Fwp%2Fv2%2Fcategories&post=5514"},{"taxonomy":"post_tag","embeddable":true,"href":"https:\/\/feiradoautomoveldovale.com.br\/index.php?rest_route=%2Fwp%2Fv2%2Ftags&post=5514"}],"curies":[{"name":"wp","href":"https:\/\/api.w.org\/{rel}","templated":true}]}}