{"id":6367,"date":"2022-02-05T20:00:20","date_gmt":"2022-02-05T23:00:20","guid":{"rendered":"https:\/\/feiradoautomoveldovale.com.br\/?p=6367"},"modified":"2022-02-05T20:06:36","modified_gmt":"2022-02-05T23:06:36","slug":"o-circo-chegou","status":"publish","type":"post","link":"https:\/\/feiradoautomoveldovale.com.br\/?p=6367","title":{"rendered":"O Circo Chegou !!!"},"content":{"rendered":"\t\t<div data-elementor-type=\"wp-post\" data-elementor-id=\"6367\" class=\"elementor elementor-6367\" data-elementor-post-type=\"post\">\n\t\t\t\t\t\t<div class=\"elementor-inner\">\n\t\t\t\t<div class=\"elementor-section-wrap\">\n\t\t\t\t\t\t\t\t\t<section class=\"has_eae_slider elementor-section elementor-top-section elementor-element elementor-element-5eabbc7 elementor-section-boxed elementor-section-height-default elementor-section-height-default wpr-particle-no wpr-jarallax-no wpr-parallax-no wpr-sticky-section-no\" data-id=\"5eabbc7\" data-element_type=\"section\" data-settings=\"{&quot;_ha_eqh_enable&quot;:false}\">\n\t\t\t\t\t\t<div class=\"elementor-container elementor-column-gap-default\">\n\t\t\t\t\t\t\t<div class=\"elementor-row\">\n\t\t\t\t\t<div class=\"has_eae_slider elementor-column elementor-col-100 elementor-top-column elementor-element elementor-element-fe08750\" data-id=\"fe08750\" data-element_type=\"column\">\n\t\t\t<div class=\"elementor-column-wrap elementor-element-populated\">\n\t\t\t\t\t\t\t<div class=\"elementor-widget-wrap\">\n\t\t\t\t\t\t<div class=\"elementor-element elementor-element-07c849c elementor-widget elementor-widget-image\" data-id=\"07c849c\" data-element_type=\"widget\" data-widget_type=\"image.default\">\n\t\t\t\t<div class=\"elementor-widget-container\">\n\t\t\t<style>\/*! elementor - v3.14.0 - 18-06-2023 *\/\n.elementor-widget-image{text-align:center}.elementor-widget-image a{display:inline-block}.elementor-widget-image a img[src$=\".svg\"]{width:48px}.elementor-widget-image img{vertical-align:middle;display:inline-block}<\/style>\t\t\t\t\t<div class=\"elementor-image\">\n\t\t\t\t\t\t\t\t\t\t\t\t<img loading=\"lazy\" decoding=\"async\" width=\"1024\" height=\"471\" src=\"https:\/\/feiradoautomoveldovale.com.br\/wp-content\/uploads\/2022\/02\/202202011349471-1024x471.jpeg\" class=\"attachment-large size-large wp-image-6368\" alt=\"\" srcset=\"https:\/\/feiradoautomoveldovale.com.br\/wp-content\/uploads\/2022\/02\/202202011349471-1024x471.jpeg 1024w, https:\/\/feiradoautomoveldovale.com.br\/wp-content\/uploads\/2022\/02\/202202011349471-300x138.jpeg 300w, https:\/\/feiradoautomoveldovale.com.br\/wp-content\/uploads\/2022\/02\/202202011349471-768x353.jpeg 768w, https:\/\/feiradoautomoveldovale.com.br\/wp-content\/uploads\/2022\/02\/202202011349471-1536x706.jpeg 1536w, https:\/\/feiradoautomoveldovale.com.br\/wp-content\/uploads\/2022\/02\/202202011349471-150x69.jpeg 150w, https:\/\/feiradoautomoveldovale.com.br\/wp-content\/uploads\/2022\/02\/202202011349471-600x276.jpeg 600w, https:\/\/feiradoautomoveldovale.com.br\/wp-content\/uploads\/2022\/02\/202202011349471.jpeg 1562w\" sizes=\"(max-width: 1024px) 100vw, 1024px\" \/>\t\t\t\t\t\t\t\t\t\t\t\t\t\t<\/div>\n\t\t\t\t\t\t<\/div>\n\t\t\t\t<\/div>\n\t\t\t\t\t\t<\/div>\n\t\t\t\t\t<\/div>\n\t\t<\/div>\n\t\t\t\t\t\t\t\t<\/div>\n\t\t\t\t\t<\/div>\n\t\t<\/section>\n\t\t\t\t<section class=\"has_eae_slider elementor-section elementor-top-section elementor-element elementor-element-10be6b19 elementor-section-boxed elementor-section-height-default elementor-section-height-default wpr-particle-no wpr-jarallax-no wpr-parallax-no wpr-sticky-section-no\" data-id=\"10be6b19\" data-element_type=\"section\" data-settings=\"{&quot;_ha_eqh_enable&quot;:false}\">\n\t\t\t\t\t\t<div class=\"elementor-container elementor-column-gap-default\">\n\t\t\t\t\t\t\t<div class=\"elementor-row\">\n\t\t\t\t\t<div class=\"has_eae_slider elementor-column elementor-col-100 elementor-top-column elementor-element elementor-element-704bfc60\" data-id=\"704bfc60\" data-element_type=\"column\">\n\t\t\t<div class=\"elementor-column-wrap elementor-element-populated\">\n\t\t\t\t\t\t\t<div class=\"elementor-widget-wrap\">\n\t\t\t\t\t\t<div class=\"elementor-element elementor-element-5a160c1d elementor-widget elementor-widget-text-editor\" data-id=\"5a160c1d\" data-element_type=\"widget\" data-widget_type=\"text-editor.default\">\n\t\t\t\t<div class=\"elementor-widget-container\">\n\t\t\t<style>\/*! elementor - v3.14.0 - 18-06-2023 *\/\n.elementor-widget-text-editor.elementor-drop-cap-view-stacked .elementor-drop-cap{background-color:#69727d;color:#fff}.elementor-widget-text-editor.elementor-drop-cap-view-framed .elementor-drop-cap{color:#69727d;border:3px solid;background-color:transparent}.elementor-widget-text-editor:not(.elementor-drop-cap-view-default) .elementor-drop-cap{margin-top:8px}.elementor-widget-text-editor:not(.elementor-drop-cap-view-default) .elementor-drop-cap-letter{width:1em;height:1em}.elementor-widget-text-editor .elementor-drop-cap{float:left;text-align:center;line-height:1;font-size:50px}.elementor-widget-text-editor .elementor-drop-cap-letter{display:inline-block}<\/style>\t\t\t\t\t<div class=\"elementor-text-editor elementor-clearfix\">\n\t\t\t\t<p><!-- wp:paragraph --><\/p>\n<p><strong>HAPPY DAY CIRCUS\u00a0<\/strong><\/p>\n<p><strong>O MAIOR CIRCO GRATUITO DA AM\u00c9RICA LATINA NO SHOPPING JARDIM ORIENTE<\/strong><\/p>\n<p><!-- \/wp:paragraph --><!-- wp:paragraph --><\/p>\n<p>O SHOPPING JARDIM ORIENTE CELEBRA 05 ANOS E PRESENTEIA SEUS CLIENTES COM UMA PROGRAMA\u00c7\u00c3O GRATUITA QUE LEVAR\u00c1 CULTURA E DIVERS\u00c3O AO P\u00daBLICO.<\/p>\n<p><!-- \/wp:paragraph --><!-- wp:paragraph --><\/p>\n<p>EM FEVEREIRO, M\u00caS DE ANIVERS\u00c1RIO DO CENTRO DE COMPRAS, O HAPPY DAY CIRCUS ESTAR\u00c1 MONTADO NO ESTACIONAMENTO, COM APRESENTA\u00c7\u00d5ES DE PALHA\u00c7OS, TRAPEZISTAS, ACROBATAS, M\u00c1GICOS, CONTORCIONISTAS, MALABARISTAS, GLOBO DA MORTE. A ENTRADA PARA VER O ESPET\u00c1CULO \u00c9 A DOA\u00c7\u00c3O DE UM QUILO DE ALIMENTO N\u00c3O PEREC\u00cdVEL QUE SER\u00c1 ENTREGUE PARA O FUNDO SOCIAL DE S\u00c3O JOS\u00c9 DOS CAMPOS.<\/p>\n<p><!-- \/wp:paragraph --><!-- wp:paragraph --><\/p>\n<p>\u201c\u00c9 UM PRESENTE DUPLO, PARA OS CLIENTES QUE PODER\u00c3O VER UM CIRCO DE PRIMEIRA QUALIDADE COM ARTISTAS DO BRASIL E DO MUNDO. TAMB\u00c9M \u00c9 UM PRESENTE PARA A COMUNIDADE, COM DOA\u00c7\u00c3O DE ALIMENTOS QUE SER\u00c3O DISTRIBU\u00cdDOS EM S\u00c3O JOS\u00c9 DOS CAMPOS PELO FUNDO SOCIAL DE SOLIDARIEDADE, NUM MOMENTO ONDE MUITAS PESSOAS EST\u00c3O PRECISANDO DE AJUDA EM CONSEQU\u00caNCIA DA PANDEMIA. O GRUPO AD SHOPPING PRIMA POR A\u00c7\u00d5ES QUE CONTRIBUEM COM A SOCIEDADE\u201d, RESSALTOU ALEXANDRE BAL\u00daGOLI, GERENTE GERAL DO SHOPPING JARDIM ORIENTE.<\/p>\n<p><!-- \/wp:paragraph --><!-- wp:paragraph --><\/p>\n<p>O CIRCO CONTA COM 30 ARTISTAS E J\u00c1 TEVE SEUS ESPET\u00c1CULOS ASSISTIDOS POR 3 MILH\u00d5ES DE PESSOAS. H\u00c1 QUATRO ANOS ELES REALIZAM AS APRESENTA\u00c7\u00d5ES SOLID\u00c1RIAS. O CIRCO PERTENCE A UMA TRADICIONAL FAM\u00cdLIA DE S\u00c3O JOS\u00c9 DOS CAMPOS.<\/p>\n<p><!-- \/wp:paragraph --><!-- wp:paragraph --><\/p>\n<p>O HAPPY DAY CIRCUS TEM CAPACIDADE PARA 1.500 LUGARES E SEGUIR\u00c1 AS NORMAS DE SEGURAN\u00c7A SANIT\u00c1RIA COM DISTANCIAMENTO E USO DE \u00c1LCOOL EM GEL. O P\u00daBLICO DEVER\u00c1 USAR M\u00c1SCARAS. A ENTRADA \u00c9 POR ORDEM DE CHEGADA E COM A DOA\u00c7\u00c3O DE UM QUILO DE ALIMENTO N\u00c3O PEREC\u00cdVEL.<\/p>\n<p><!-- \/wp:paragraph --><!-- wp:paragraph --><\/p>\n<p><b>AS APRESENTA\u00c7\u00d5ES CIRCENSES ACONTECEM DE 04 DE FEVEREIRO A 06 DE MAR\u00c7O. <\/b>CONFIRA OS HOR\u00c1RIOS:<\/p>\n<p><!-- \/wp:paragraph --><!-- wp:paragraph --><\/p>\n<p><b>SEGUNDA, QUARTA, QUINTA E SEXTA \u00c0S 20H<br \/>S\u00c1BADO E DOMINGO, 16H, 18H E 20H<\/b><\/p>\n<p><!-- \/wp:paragraph --><\/p>\t\t\t\t\t<\/div>\n\t\t\t\t\t\t<\/div>\n\t\t\t\t<\/div>\n\t\t\t\t\t\t<\/div>\n\t\t\t\t\t<\/div>\n\t\t<\/div>\n\t\t\t\t\t\t\t\t<\/div>\n\t\t\t\t\t<\/div>\n\t\t<\/section>\n\t\t\t\t\t\t\t\t\t<\/div>\n\t\t\t<\/div>\n\t\t\t\t\t<\/div>\n\t\t","protected":false},"excerpt":{"rendered":"<p>HAPPY DAY CIRCUS\u00a0 O MAIOR CIRCO GRATUITO DA AM\u00c9RICA LATINA NO SHOPPING JARDIM ORIENTE O SHOPPING JARDIM ORIENTE CELEBRA 05 ANOS E PRESENTEIA SEUS CLIENTES COM UMA PROGRAMA\u00c7\u00c3O GRATUITA QUE LEVAR\u00c1 CULTURA E DIVERS\u00c3O AO P\u00daBLICO. EM FEVEREIRO, M\u00caS DE ANIVERS\u00c1RIO DO CENTRO DE COMPRAS, O HAPPY DAY CIRCUS ESTAR\u00c1 MONTADO NO ESTACIONAMENTO, COM APRESENTA\u00c7\u00d5ES [&hellip;]<\/p>\n","protected":false},"author":1,"featured_media":6368,"comment_status":"closed","ping_status":"closed","sticky":true,"template":"","format":"standard","meta":{"om_disable_all_campaigns":false,"_mi_skip_tracking":false,"footnotes":""},"categories":[16,1],"tags":[],"aioseo_notices":[],"_links":{"self":[{"href":"https:\/\/feiradoautomoveldovale.com.br\/index.php?rest_route=\/wp\/v2\/posts\/6367"}],"collection":[{"href":"https:\/\/feiradoautomoveldovale.com.br\/index.php?rest_route=\/wp\/v2\/posts"}],"about":[{"href":"https:\/\/feiradoautomoveldovale.com.br\/index.php?rest_route=\/wp\/v2\/types\/post"}],"author":[{"embeddable":true,"href":"https:\/\/feiradoautomoveldovale.com.br\/index.php?rest_route=\/wp\/v2\/users\/1"}],"replies":[{"embeddable":true,"href":"https:\/\/feiradoautomoveldovale.com.br\/index.php?rest_route=%2Fwp%2Fv2%2Fcomments&post=6367"}],"version-history":[{"count":0,"href":"https:\/\/feiradoautomoveldovale.com.br\/index.php?rest_route=\/wp\/v2\/posts\/6367\/revisions"}],"wp:featuredmedia":[{"embeddable":true,"href":"https:\/\/feiradoautomoveldovale.com.br\/index.php?rest_route=\/wp\/v2\/media\/6368"}],"wp:attachment":[{"href":"https:\/\/feiradoautomoveldovale.com.br\/index.php?rest_route=%2Fwp%2Fv2%2Fmedia&parent=6367"}],"wp:term":[{"taxonomy":"category","embeddable":true,"href":"https:\/\/feiradoautomoveldovale.com.br\/index.php?rest_route=%2Fwp%2Fv2%2Fcategories&post=6367"},{"taxonomy":"post_tag","embeddable":true,"href":"https:\/\/feiradoautomoveldovale.com.br\/index.php?rest_route=%2Fwp%2Fv2%2Ftags&post=6367"}],"curies":[{"name":"wp","href":"https:\/\/api.w.org\/{rel}","templated":true}]}}