{"id":7158,"date":"2022-07-05T19:17:22","date_gmt":"2022-07-05T22:17:22","guid":{"rendered":"https:\/\/feiradoautomoveldovale.com.br\/?p=7158"},"modified":"2022-07-05T19:17:23","modified_gmt":"2022-07-05T22:17:23","slug":"chegou-feirao-chave-na-mao","status":"publish","type":"post","link":"https:\/\/feiradoautomoveldovale.com.br\/?p=7158","title":{"rendered":"Chegou Feir\u00e3o Chave na M\u00e3o"},"content":{"rendered":"\n<p>ATENCAO!!!!!<br>O Maior Feir\u00e3o de Seminovos Chegou,<br>Hiper Feir\u00e3o Chave na M\u00e3o,<br>mais de quinhentas ofertas,<br>Parcelas a partir de quinhentos e noventa e nove<br>Sem Entrada.<br>Hiper Feir\u00e3o Chave na Mao<br>No Estacionamento Shopping Jardim Oriente.<\/p>\n","protected":false},"excerpt":{"rendered":"<p>ATENCAO!!!!!O Maior Feir\u00e3o de Seminovos Chegou,Hiper Feir\u00e3o Chave na M\u00e3o,mais de quinhentas ofertas,Parcelas a partir de quinhentos e noventa e noveSem Entrada.Hiper Feir\u00e3o Chave na MaoNo Estacionamento Shopping Jardim Oriente.<\/p>\n","protected":false},"author":1,"featured_media":7163,"comment_status":"closed","ping_status":"closed","sticky":false,"template":"","format":"standard","meta":{"om_disable_all_campaigns":false,"_mi_skip_tracking":false,"footnotes":""},"categories":[16,1],"tags":[118,117,108,116,119,101],"aioseo_notices":[],"_links":{"self":[{"href":"https:\/\/feiradoautomoveldovale.com.br\/index.php?rest_route=\/wp\/v2\/posts\/7158"}],"collection":[{"href":"https:\/\/feiradoautomoveldovale.com.br\/index.php?rest_route=\/wp\/v2\/posts"}],"about":[{"href":"https:\/\/feiradoautomoveldovale.com.br\/index.php?rest_route=\/wp\/v2\/types\/post"}],"author":[{"embeddable":true,"href":"https:\/\/feiradoautomoveldovale.com.br\/index.php?rest_route=\/wp\/v2\/users\/1"}],"replies":[{"embeddable":true,"href":"https:\/\/feiradoautomoveldovale.com.br\/index.php?rest_route=%2Fwp%2Fv2%2Fcomments&post=7158"}],"version-history":[{"count":0,"href":"https:\/\/feiradoautomoveldovale.com.br\/index.php?rest_route=\/wp\/v2\/posts\/7158\/revisions"}],"wp:featuredmedia":[{"embeddable":true,"href":"https:\/\/feiradoautomoveldovale.com.br\/index.php?rest_route=\/wp\/v2\/media\/7163"}],"wp:attachment":[{"href":"https:\/\/feiradoautomoveldovale.com.br\/index.php?rest_route=%2Fwp%2Fv2%2Fmedia&parent=7158"}],"wp:term":[{"taxonomy":"category","embeddable":true,"href":"https:\/\/feiradoautomoveldovale.com.br\/index.php?rest_route=%2Fwp%2Fv2%2Fcategories&post=7158"},{"taxonomy":"post_tag","embeddable":true,"href":"https:\/\/feiradoautomoveldovale.com.br\/index.php?rest_route=%2Fwp%2Fv2%2Ftags&post=7158"}],"curies":[{"name":"wp","href":"https:\/\/api.w.org\/{rel}","templated":true}]}}