{"id":7451,"date":"2022-09-09T21:52:51","date_gmt":"2022-09-10T00:52:51","guid":{"rendered":"https:\/\/feiradoautomoveldovale.com.br\/?p=7451"},"modified":"2022-09-10T13:05:25","modified_gmt":"2022-09-10T16:05:25","slug":"diagnostico-inteligente-veicular","status":"publish","type":"post","link":"https:\/\/feiradoautomoveldovale.com.br\/?p=7451","title":{"rendered":"Diagn\u00f3stico Inteligente Veicular"},"content":{"rendered":"\n<p>Neste Domingo tem<br>Div e Terceira Vis\u00e3o<br>Com Diagn\u00f3stico Inteligente Veicular<br>Gratuito pra Voce<br>Doe 1kg de alimento e receba o<br>Hist\u00f3rico completo do seu Carro<br>100 % Confi\u00e1vel<br>Venha para Feira do Autom\u00f3vel do Vale<br>no estacionamento do<br>Shopping Jardim Oriente<\/p>\n","protected":false},"excerpt":{"rendered":"<p>Neste Domingo temDiv e Terceira Vis\u00e3oCom Diagn\u00f3stico Inteligente VeicularGratuito pra VoceDoe 1kg de alimento e receba oHist\u00f3rico completo do seu Carro100 % Confi\u00e1velVenha para Feira do Autom\u00f3vel do Valeno estacionamento doShopping Jardim Oriente<\/p>\n","protected":false},"author":1,"featured_media":7446,"comment_status":"closed","ping_status":"closed","sticky":true,"template":"","format":"standard","meta":{"om_disable_all_campaigns":false,"_mi_skip_tracking":false,"footnotes":""},"categories":[16,1],"tags":[126,129,128,127,124,125],"aioseo_notices":[],"_links":{"self":[{"href":"https:\/\/feiradoautomoveldovale.com.br\/index.php?rest_route=\/wp\/v2\/posts\/7451"}],"collection":[{"href":"https:\/\/feiradoautomoveldovale.com.br\/index.php?rest_route=\/wp\/v2\/posts"}],"about":[{"href":"https:\/\/feiradoautomoveldovale.com.br\/index.php?rest_route=\/wp\/v2\/types\/post"}],"author":[{"embeddable":true,"href":"https:\/\/feiradoautomoveldovale.com.br\/index.php?rest_route=\/wp\/v2\/users\/1"}],"replies":[{"embeddable":true,"href":"https:\/\/feiradoautomoveldovale.com.br\/index.php?rest_route=%2Fwp%2Fv2%2Fcomments&post=7451"}],"version-history":[{"count":0,"href":"https:\/\/feiradoautomoveldovale.com.br\/index.php?rest_route=\/wp\/v2\/posts\/7451\/revisions"}],"wp:featuredmedia":[{"embeddable":true,"href":"https:\/\/feiradoautomoveldovale.com.br\/index.php?rest_route=\/wp\/v2\/media\/7446"}],"wp:attachment":[{"href":"https:\/\/feiradoautomoveldovale.com.br\/index.php?rest_route=%2Fwp%2Fv2%2Fmedia&parent=7451"}],"wp:term":[{"taxonomy":"category","embeddable":true,"href":"https:\/\/feiradoautomoveldovale.com.br\/index.php?rest_route=%2Fwp%2Fv2%2Fcategories&post=7451"},{"taxonomy":"post_tag","embeddable":true,"href":"https:\/\/feiradoautomoveldovale.com.br\/index.php?rest_route=%2Fwp%2Fv2%2Ftags&post=7451"}],"curies":[{"name":"wp","href":"https:\/\/api.w.org\/{rel}","templated":true}]}}