{"id":7908,"date":"2023-01-27T02:30:37","date_gmt":"2023-01-27T05:30:37","guid":{"rendered":"https:\/\/feiradoautomoveldovale.com.br\/?p=7908"},"modified":"2023-01-27T08:41:47","modified_gmt":"2023-01-27T11:41:47","slug":"ajude-monteiro-lobato","status":"publish","type":"post","link":"https:\/\/feiradoautomoveldovale.com.br\/?p=7908","title":{"rendered":"Ajude Monteiro Lobato"},"content":{"rendered":"\t\t<div data-elementor-type=\"wp-post\" data-elementor-id=\"7908\" class=\"elementor elementor-7908\" data-elementor-post-type=\"post\">\n\t\t\t\t\t\t<div class=\"elementor-inner\">\n\t\t\t\t<div class=\"elementor-section-wrap\">\n\t\t\t\t\t\t\t\t\t<section class=\"has_eae_slider elementor-section elementor-top-section elementor-element elementor-element-49b441a8 elementor-section-boxed elementor-section-height-default elementor-section-height-default wpr-particle-no wpr-jarallax-no wpr-parallax-no wpr-sticky-section-no\" data-id=\"49b441a8\" data-element_type=\"section\" data-settings=\"{&quot;_ha_eqh_enable&quot;:false}\">\n\t\t\t\t\t\t<div class=\"elementor-container elementor-column-gap-default\">\n\t\t\t\t\t\t\t<div class=\"elementor-row\">\n\t\t\t\t\t<div class=\"has_eae_slider elementor-column elementor-col-100 elementor-top-column elementor-element elementor-element-58548b1b\" data-id=\"58548b1b\" data-element_type=\"column\">\n\t\t\t<div class=\"elementor-column-wrap elementor-element-populated\">\n\t\t\t\t\t\t\t<div class=\"elementor-widget-wrap\">\n\t\t\t\t\t\t<div class=\"elementor-element elementor-element-3588b51d elementor-widget elementor-widget-text-editor\" data-id=\"3588b51d\" data-element_type=\"widget\" data-widget_type=\"text-editor.default\">\n\t\t\t\t<div class=\"elementor-widget-container\">\n\t\t\t<style>\/*! elementor - v3.14.0 - 18-06-2023 *\/\n.elementor-widget-text-editor.elementor-drop-cap-view-stacked .elementor-drop-cap{background-color:#69727d;color:#fff}.elementor-widget-text-editor.elementor-drop-cap-view-framed .elementor-drop-cap{color:#69727d;border:3px solid;background-color:transparent}.elementor-widget-text-editor:not(.elementor-drop-cap-view-default) .elementor-drop-cap{margin-top:8px}.elementor-widget-text-editor:not(.elementor-drop-cap-view-default) .elementor-drop-cap-letter{width:1em;height:1em}.elementor-widget-text-editor .elementor-drop-cap{float:left;text-align:center;line-height:1;font-size:50px}.elementor-widget-text-editor .elementor-drop-cap-letter{display:inline-block}<\/style>\t\t\t\t\t<div class=\"elementor-text-editor elementor-clearfix\">\n\t\t\t\t<!-- wp:paragraph -->\n<p>Seja solid\u00e1rio participe da campanha solid\u00e1ria AutoBem e Feira do Autom\u00f3vel do Vale para ajudar as familias vitimas das chuvas em Monteiro Lobato.<br>Doe Alimentos, roupas produtos de limpeza e higiene , Moveis e utensiliios<\/p>\n<!-- \/wp:paragraph -->\t\t\t\t\t<\/div>\n\t\t\t\t\t\t<\/div>\n\t\t\t\t<\/div>\n\t\t\t\t\t\t<\/div>\n\t\t\t\t\t<\/div>\n\t\t<\/div>\n\t\t\t\t\t\t\t\t<\/div>\n\t\t\t\t\t<\/div>\n\t\t<\/section>\n\t\t\t\t<section class=\"has_eae_slider elementor-section elementor-top-section elementor-element elementor-element-4d5b992 elementor-section-boxed elementor-section-height-default elementor-section-height-default wpr-particle-no wpr-jarallax-no wpr-parallax-no wpr-sticky-section-no\" data-id=\"4d5b992\" data-element_type=\"section\" data-settings=\"{&quot;_ha_eqh_enable&quot;:false}\">\n\t\t\t\t\t\t<div class=\"elementor-container elementor-column-gap-default\">\n\t\t\t\t\t\t\t<div class=\"elementor-row\">\n\t\t\t\t\t<div class=\"has_eae_slider elementor-column elementor-col-100 elementor-top-column elementor-element elementor-element-97acc93\" data-id=\"97acc93\" data-element_type=\"column\">\n\t\t\t<div class=\"elementor-column-wrap elementor-element-populated\">\n\t\t\t\t\t\t\t<div class=\"elementor-widget-wrap\">\n\t\t\t\t\t\t<div class=\"elementor-element elementor-element-f63f543 elementor-skin-carousel elementor-arrows-yes elementor-pagination-type-bullets elementor-pagination-position-outside elementor-widget elementor-widget-media-carousel\" data-id=\"f63f543\" data-element_type=\"widget\" data-settings=\"{&quot;skin&quot;:&quot;carousel&quot;,&quot;effect&quot;:&quot;slide&quot;,&quot;show_arrows&quot;:&quot;yes&quot;,&quot;pagination&quot;:&quot;bullets&quot;,&quot;speed&quot;:500,&quot;autoplay&quot;:&quot;yes&quot;,&quot;autoplay_speed&quot;:5000,&quot;loop&quot;:&quot;yes&quot;,&quot;pause_on_hover&quot;:&quot;yes&quot;,&quot;pause_on_interaction&quot;:&quot;yes&quot;,&quot;space_between&quot;:{&quot;unit&quot;:&quot;px&quot;,&quot;size&quot;:10,&quot;sizes&quot;:[]},&quot;space_between_tablet&quot;:{&quot;unit&quot;:&quot;px&quot;,&quot;size&quot;:10,&quot;sizes&quot;:[]},&quot;space_between_mobile&quot;:{&quot;unit&quot;:&quot;px&quot;,&quot;size&quot;:10,&quot;sizes&quot;:[]}}\" data-widget_type=\"media-carousel.default\">\n\t\t\t\t<div class=\"elementor-widget-container\">\n\t\t\t<link rel=\"stylesheet\" href=\"https:\/\/feiradoautomoveldovale.com.br\/wp-content\/plugins\/elementor-pro\/assets\/css\/widget-carousel.min.css\">\t\t<div class=\"elementor-swiper\">\n\t\t\t<div class=\"elementor-main-swiper swiper-container\">\n\t\t\t\t<div class=\"swiper-wrapper\">\n\t\t\t\t\t\t\t\t\t\t\t<div class=\"swiper-slide\">\n\t\t\t\t\t\t\t\t\t<div class=\"elementor-carousel-image\" role=\"img\" aria-label=\"6\" style=\"background-image: url(&#039;https:\/\/feiradoautomoveldovale.com.br\/wp-content\/uploads\/2023\/01\/6.png&#039;)\">\n\n\t\t\t\n\t\t\t\t\t<\/div>\n\t\t\t\t\t\t\t\t<\/div>\n\t\t\t\t\t\t\t\t\t\t\t<div class=\"swiper-slide\">\n\t\t\t\t\t\t\t\t\t<div class=\"elementor-carousel-image\" role=\"img\" aria-label=\"5\" style=\"background-image: url(&#039;https:\/\/feiradoautomoveldovale.com.br\/wp-content\/uploads\/2023\/01\/5.png&#039;)\">\n\n\t\t\t\n\t\t\t\t\t<\/div>\n\t\t\t\t\t\t\t\t<\/div>\n\t\t\t\t\t\t\t\t\t\t\t<div class=\"swiper-slide\">\n\t\t\t\t\t\t\t\t\t<div class=\"elementor-carousel-image\" role=\"img\" aria-label=\"4\" style=\"background-image: url(&#039;https:\/\/feiradoautomoveldovale.com.br\/wp-content\/uploads\/2023\/01\/4.png&#039;)\">\n\n\t\t\t\n\t\t\t\t\t<\/div>\n\t\t\t\t\t\t\t\t<\/div>\n\t\t\t\t\t\t\t\t\t\t\t<div class=\"swiper-slide\">\n\t\t\t\t\t\t\t\t\t<div class=\"elementor-carousel-image\" role=\"img\" aria-label=\"2\" style=\"background-image: url(&#039;https:\/\/feiradoautomoveldovale.com.br\/wp-content\/uploads\/2023\/01\/2.png&#039;)\">\n\n\t\t\t\n\t\t\t\t\t<\/div>\n\t\t\t\t\t\t\t\t<\/div>\n\t\t\t\t\t\t\t\t\t\t\t<div class=\"swiper-slide\">\n\t\t\t\t\t\t\t\t\t<div class=\"elementor-carousel-image\" role=\"img\" aria-label=\"Campanha Solidaria AutoBem Feira do Automovel\" style=\"background-image: url(&#039;https:\/\/feiradoautomoveldovale.com.br\/wp-content\/uploads\/2023\/01\/8.png&#039;)\">\n\n\t\t\t\n\t\t\t\t\t<\/div>\n\t\t\t\t\t\t\t\t<\/div>\n\t\t\t\t\t\t\t\t\t<\/div>\n\t\t\t\t\t\t\t\t\t\t\t\t\t\t\t<div class=\"swiper-pagination\"><\/div>\n\t\t\t\t\t\t\t\t\t\t\t\t\t\t\t\t<div class=\"elementor-swiper-button elementor-swiper-button-prev\" role=\"button\" tabindex=\"0\">\n\t\t\t\t\t\t\t<i aria-hidden=\"true\" class=\"eicon-chevron-left\"><\/i>\t\t\t\t\t\t\t<span class=\"elementor-screen-only\">Anterior<\/span>\n\t\t\t\t\t\t<\/div>\n\t\t\t\t\t\t<div class=\"elementor-swiper-button elementor-swiper-button-next\" role=\"button\" tabindex=\"0\">\n\t\t\t\t\t\t\t<i aria-hidden=\"true\" class=\"eicon-chevron-right\"><\/i>\t\t\t\t\t\t\t<span class=\"elementor-screen-only\">Pr\u00f3ximo<\/span>\n\t\t\t\t\t\t<\/div>\n\t\t\t\t\t\t\t\t\t\t\t\t<\/div>\n\t\t<\/div>\n\t\t\t\t<\/div>\n\t\t\t\t<\/div>\n\t\t\t\t\t\t<\/div>\n\t\t\t\t\t<\/div>\n\t\t<\/div>\n\t\t\t\t\t\t\t\t<\/div>\n\t\t\t\t\t<\/div>\n\t\t<\/section>\n\t\t\t\t\t\t\t\t\t<\/div>\n\t\t\t<\/div>\n\t\t\t\t\t<\/div>\n\t\t","protected":false},"excerpt":{"rendered":"<p>Seja solid\u00e1rio participe da campanha solid\u00e1ria AutoBem e Feira do Autom\u00f3vel do Vale para ajudar as familias vitimas das chuvas em Monteiro Lobato.Doe Alimentos, roupas produtos de limpeza e higiene , Moveis e utensiliios Previous Next<\/p>\n","protected":false},"author":1,"featured_media":7916,"comment_status":"closed","ping_status":"closed","sticky":false,"template":"","format":"standard","meta":{"om_disable_all_campaigns":false,"_mi_skip_tracking":false,"footnotes":""},"categories":[16],"tags":[],"aioseo_notices":[],"_links":{"self":[{"href":"https:\/\/feiradoautomoveldovale.com.br\/index.php?rest_route=\/wp\/v2\/posts\/7908"}],"collection":[{"href":"https:\/\/feiradoautomoveldovale.com.br\/index.php?rest_route=\/wp\/v2\/posts"}],"about":[{"href":"https:\/\/feiradoautomoveldovale.com.br\/index.php?rest_route=\/wp\/v2\/types\/post"}],"author":[{"embeddable":true,"href":"https:\/\/feiradoautomoveldovale.com.br\/index.php?rest_route=\/wp\/v2\/users\/1"}],"replies":[{"embeddable":true,"href":"https:\/\/feiradoautomoveldovale.com.br\/index.php?rest_route=%2Fwp%2Fv2%2Fcomments&post=7908"}],"version-history":[{"count":0,"href":"https:\/\/feiradoautomoveldovale.com.br\/index.php?rest_route=\/wp\/v2\/posts\/7908\/revisions"}],"wp:featuredmedia":[{"embeddable":true,"href":"https:\/\/feiradoautomoveldovale.com.br\/index.php?rest_route=\/wp\/v2\/media\/7916"}],"wp:attachment":[{"href":"https:\/\/feiradoautomoveldovale.com.br\/index.php?rest_route=%2Fwp%2Fv2%2Fmedia&parent=7908"}],"wp:term":[{"taxonomy":"category","embeddable":true,"href":"https:\/\/feiradoautomoveldovale.com.br\/index.php?rest_route=%2Fwp%2Fv2%2Fcategories&post=7908"},{"taxonomy":"post_tag","embeddable":true,"href":"https:\/\/feiradoautomoveldovale.com.br\/index.php?rest_route=%2Fwp%2Fv2%2Ftags&post=7908"}],"curies":[{"name":"wp","href":"https:\/\/api.w.org\/{rel}","templated":true}]}}